{"id":1871,"date":"2021-05-12T18:00:44","date_gmt":"2021-05-12T21:00:44","guid":{"rendered":"https:\/\/www.centrodeconscienciaanimal.com\/os-animais-nao-humanos-criam-sua-propria-saude-e-doenca-como-nos-uma-explicacao-quantica\/"},"modified":"2022-03-17T00:12:52","modified_gmt":"2022-03-17T03:12:52","slug":"os-animais-nao-humanos-criam-sua-propria-saude-e-doenca-como-nos-uma-explicacao-quantica","status":"publish","type":"post","link":"https:\/\/centrodeconscienciaanimal.com.br\/blog\/os-animais-nao-humanos-criam-sua-propria-saude-e-doenca-como-nos-uma-explicacao-quantica\/","title":{"rendered":"Os animais n\u00e3o-humanos criam sua pr\u00f3pria sa\u00fade e doen\u00e7a como n\u00f3s? Uma explica\u00e7\u00e3o qu\u00e2ntica."},"content":{"rendered":"<p><em>Ser\u00e1 que o <strong>processo de adoecimento<\/strong> simboliza um processo criado por n\u00f3s mesmos? Ser\u00e1 que, nos animais n\u00e3o-humanos, esse processo acontece da mesma forma? Afinal, ser\u00e1 que os seres vivos de forma geral s\u00e3o respons\u00e1veis pela manuten\u00e7\u00e3o de sua pr\u00f3pria sa\u00fade e pelo surgimento de suas doen\u00e7as?<\/em><\/p>\n<p>Essas e in\u00fameras outras quest\u00f5es a respeito do tema podem ser respondidas pela<strong> f\u00edsica qu\u00e2ntica<\/strong>. Nesse post, nos aprofundaremos nesse conte\u00fado e falaremos um pouco mais sobre corpo mental, corpo emocional, corpo vital e chakras. Ficou curioso para saber mais? Ent\u00e3o d\u00ea uma olhada no que preparamos a seguir!<\/p>\n<h2>A Consci\u00eancia Espiritual<\/h2>\n<p>A <strong>Consci\u00eancia Espiritual<\/strong>, tamb\u00e9m conhecida como \u201cEu Superior\u201d, \u201cConsci\u00eancia Superior\u201d ou \u201cM\u00f4nada Qu\u00e2ntica\u201d, se individualiza em uma express\u00e3o corp\u00f3rea para expressar virtudes e contribuir para com os outros seres vivos. Em resumo, essa concep\u00e7\u00e3o \u00e9 representada pela <strong>evolu\u00e7\u00e3o da pr\u00f3pria vida<\/strong>, manifestada da forma que a enxergamos e sentimos.<\/p>\n<p>Essa <strong>Consci\u00eancia Espiritual<\/strong> traz com ela alguns condicionamentos e experi\u00eancias de vida, que podem ser tanto positivos, quanto negativos. Enquanto os condicionamentos positivos s\u00e3o simbolizados pelos princ\u00edpios e virtudes, os negativos, por sua vez, s\u00e3o representados pelos medos, pelas fobias, pelas avers\u00f5es e pelas cren\u00e7as limitantes.<\/p>\n<p>Dentro da f\u00edsica qu\u00e2ntica, existe um outro conceito chamado <strong>\u201cColapsar\u201d<\/strong>. Nesse mecanismo, afirma-se que todas as <strong>formas de exist\u00eancia<\/strong> neste planeta s\u00e3o oferecidas em um leque de possibilidades, onde o observador, ou seja, o ser vivo, \u00e9 quem decide qual possibilidade ir\u00e1 acontecer e se tornar \u201crealidade\u201d.<br \/>\nAbaixo, separamos um exemplo desse conceito e abordamos as principais caracter\u00edsticas dos corpos f\u00edsicos, mentais e vitais. Veja!<\/p>\n<h2>Corpo f\u00edsico, mental e vital<\/h2>\n<p>Imagine que, dentre todas essas possibilidades de express\u00e3o, o observador decida se colapsar como um <strong>felino<\/strong> no Universo. Imagine que, para a pr\u00f3xima vida, a forma felina seja a melhor op\u00e7\u00e3o para tirar um aprendizado e expressar suas virtudes.<\/p>\n<p>Antes do corpo grosseiro, que chamamos de f\u00edsico, vir\u00e1 o corpo mental e o corpo vital. O <strong>Corpo mental<\/strong>, como o pr\u00f3prio nome j\u00e1 diz, \u00e9 o local onde residem os processos mentais, ou seja, onde os pensamentos s\u00e3o colapsados. J\u00e1 o <strong>Corpo vital<\/strong> \u00e9 a estrutura energ\u00e9tica das nossas emo\u00e7\u00f5es e sentimentos.<\/p>\n<p>O papel do <strong>Corpo Mental<\/strong> \u00e9 acessar o mundo dos arqu\u00e9tipos e transform\u00e1-los em entendimentos mentais atrav\u00e9s de pensamentos e id\u00e9ias. Em contrapartida, o papel do <strong>Corpo Vital<\/strong> \u00e9 criar, juntamente com o Corpo Mental, o Corpo F\u00edsico e tamb\u00e9m mapear o que est\u00e1 acontecendo na intera\u00e7\u00e3o com o mundo \u201cexterno\u201d.<\/p>\n<p>Quando respondemos a algum acontecimento externo, \u00e9 criada uma <strong>movimenta\u00e7\u00e3o energ\u00e9tica<\/strong> em nosso corpo, na qual \u00e9 materializada como alguma emo\u00e7\u00e3o ou sentimento. Se pararmos para prestar aten\u00e7\u00e3o em qual local do corpo sentimos uma emo\u00e7\u00e3o, iremos perceber essa movimenta\u00e7\u00e3o energ\u00e9tica.<\/p>\n<p>Em resumo, a <strong>Consci\u00eancia Espiritual<\/strong> \u00e9 capaz de colapsar ao mesmo tempo tanto o corpo mental, quanto o corpo vital. No processo qu\u00e2ntico chamado de \u201cEntrela\u00e7amento Qu\u00e2ntico\u201d um corpo interfere no outro e, no fim, acabam dependendo da exist\u00eancia de cada um.<\/p>\n<h3>O Campo M\u00f3rfico ou Morfogen\u00e9tico<\/h3>\n<p>Ainda falando sobre o Corpo Vital, existe uma forma energ\u00e9tica de cada \u00f3rg\u00e3o, que Rupert Sheldrake chamou de <strong>Campo M\u00f3rfico ou Morfogen\u00e9tico.<\/strong> <em>Mas o que isso quer dizer?<\/em><\/p>\n<p>Quer dizer que \u00e9 o corpo energ\u00e9tico que origina o corpo f\u00edsico e n\u00e3o o contr\u00e1rio, como abordamos acima. Imagine assim: a <strong>Consci\u00eancia Espiritual<\/strong> cria o conceito mental do que \u00e9 um cora\u00e7\u00e3o e diz exatamente qual ser\u00e1 a sua fun\u00e7\u00e3o dentro do organismo. O Corpo Vital, por sua vez, roda o programa do que um cora\u00e7\u00e3o faz em sua matriz energ\u00e9tica.<\/p>\n<p>Atrav\u00e9s dos <strong>Chakras<\/strong> &#8211; que s\u00e3o v\u00f3rtices energ\u00e9ticos importantes no Corpo Vital -, as ondas de possibilidades s\u00e3o colapsadas no Corpo F\u00edsico e uma representa\u00e7\u00e3o de um cora\u00e7\u00e3o energ\u00e9tico come\u00e7a a se originar dentro do organismo, concluindo o conceito de Campo M\u00f3rfico nos animais n\u00e3o-humanos.<\/p>\n<h2>A origem das Doen\u00e7as<\/h2>\n<p>O que conhecemos por doen\u00e7a nada mais \u00e9 do que um <strong>desequil\u00edbrio<\/strong> desses aspectos emocionais, vitais e mentais.<\/p>\n<p>A partir de um acontecimento, conseguimos interpretar o que ocorreu como algo bom ou ruim para a nossa vida. Isso vai de acordo com os nossos condicionamentos, mem\u00f3rias e experi\u00eancias que j\u00e1 passamos.<\/p>\n<p>Em nossas experi\u00eancias de vida, \u00e9 comum a gente criar um h\u00e1bito de interpreta\u00e7\u00e3o e resposta. \u00c9 poss\u00edvel mudar essa concep\u00e7\u00e3o, mas isso \u00e9 assunto para outro momento do nosso estudo.<\/p>\n<p>Com os <strong>animais n\u00e3o-humanos<\/strong> esse cen\u00e1rio n\u00e3o muda. Para exemplificar melhor, vou contar uma situa\u00e7\u00e3o que aconteceu com o meu gato aqui em casa.<\/p>\n<p>Certo dia, meu gato foi at\u00e9 a sala e se deparou com ela vazia, sem m\u00f3veis. Automaticamente, uma resposta foi condicionada em seu inconsciente, fazendo-o interpretar que algo estava errado.<\/p>\n<p>Talvez algo tenha acontecido quando ele era pequeno, algo inesperado. Pode ter sido uma mudan\u00e7a brusca de ambiente, um abandono, um resgate de alguma situa\u00e7\u00e3o cr\u00edtica ou uma mudan\u00e7a de fam\u00edlia. Podem existir muitas possibilidades que s\u00f3 a<a href=\"https:\/\/www.centrodeconscienciaanimal.com\/comunicacao-animal\" target=\"_blank\" rel=\"noopener\"><strong> t<\/strong><strong>\u00e9<\/strong><strong>cnica da Comunica\u00e7\u00e3o Animal entre Consci\u00eancias<\/strong><\/a> pode auxiliar para encontrarmos a resposta correta.<\/p>\n<p>Em resumo, frente a essa mudan\u00e7a de cen\u00e1rio, meu gato desenvolveu\/colapsou um <strong>sentimento negativo<\/strong> em seu corpo emocional. Essa movimenta\u00e7\u00e3o energ\u00e9tica passou a afetar o seu Corpo F\u00edsico, causando um <strong>desequil\u00edbrio em seus chakras B\u00e1sico e Umbilical<\/strong>.<\/p>\n<h2>Conclus\u00e3o<\/h2>\n<p>A grande quest\u00e3o por tr\u00e1s disso \u00e9 que se ele continuar colapsando o mesmo tipo de interpreta\u00e7\u00e3o mental, essa movimenta\u00e7\u00e3o energ\u00e9tica desequilibrada em determinados chakras ser\u00e1 recorrente.<\/p>\n<p>Como nesse corpo vital existem \u201ca forma energ\u00e9tica\u201d dos \u00f3rg\u00e3os e a informa\u00e7\u00e3o do que as c\u00e9lulas daqueles \u00f3rg\u00e3os devem fazer, essa movimenta\u00e7\u00e3o irregular ir\u00e1 gerar <strong>sinais inst\u00e1veis<\/strong> para a parte f\u00edsica, desenvolvendo um <strong>desequil\u00edbrio f\u00edsico<\/strong>, ou seja, uma doen\u00e7a.<\/p>\n<p>Essa \u00e9 a forma de entender quanticamente como se origina uma doen\u00e7a. A sa\u00fade dos animais n\u00e3o-humanos, assim como a dos animais humanos, depende n\u00e3o s\u00f3 dos chakras, como tamb\u00e9m de todos os seus aspectos mentais, emocionais e vitais.<\/p>\n<p>Leia tamb\u00e9m: <a href=\"https:\/\/backup.centrodeconscienciaanimal.com.br\/voce-sabe-o-que-e-a-comunicacao-intuitiva-animal\/\"><strong>Voc\u00ea sabe o que \u00e9 a Comunica\u00e7\u00e3o Intuitiva Animal?<\/strong><\/a><\/p>\n<p>&nbsp;<\/p>\n<p>Quer fazer cursos com a gente? Veja as datas e cursos aqui: <a href=\"https:\/\/backup.centrodeconscienciaanimal.com.br\/agenda\" target=\"_blank\" rel=\"noopener\">agenda de cursos<\/a><\/p>\n<p>&nbsp;<\/p>\n<p>Ricardo Gar\u00e9 &#8211; Mestre em Reiki, Veterin\u00e1rio Hol\u00edstico, Comunicador Animal, Instrutor e Terapeuta de ThetaHealing<\/p>\n<p>Fundador do Centro de Consci\u00eancia Animal<\/p>\n<p><strong><a href=\"http:\/\/www.centrodeconscienciaanimal.com\/\" target=\"_blank\" rel=\"noopener\">\u200b\u200b\u200b\u200b\u200b\u200b\u200bwww.centrodeconscienciaanimal.com<\/a><\/strong><\/p>\n<!--themify_builder_content-->\n<div id=\"themify_builder_content-1871\" data-postid=\"1871\" class=\"themify_builder_content themify_builder_content-1871 themify_builder tf_clear\">\n    <\/div>\n<!--\/themify_builder_content-->\n","protected":false},"excerpt":{"rendered":"<p>Ser\u00e1 que o processo de adoecimento simboliza um processo criado por n\u00f3s mesmos? Ser\u00e1 que, nos animais n\u00e3o-humanos, esse processo acontece da mesma forma? Afinal, ser\u00e1 que os seres vivos de forma geral s\u00e3o respons\u00e1veis pela manuten\u00e7\u00e3o de sua pr\u00f3pria sa\u00fade e pelo surgimento de suas doen\u00e7as? Essas e in\u00fameras outras quest\u00f5es a respeito do [&hellip;]<\/p>\n","protected":false},"author":4,"featured_media":4664,"comment_status":"open","ping_status":"open","sticky":false,"template":"","format":"standard","meta":{"_joinchat":[],"footnotes":""},"categories":[109],"tags":[51,8,39,9,17,4],"class_list":["post-1871","post","type-post","status-publish","format-standard","has-post-thumbnail","hentry","category-geral","tag-animais-nao-humanos","tag-centro-de-consciencia-animal","tag-chakra-dos-animais","tag-comunicacao-intuitiva-animal","tag-curso-de-reiki","tag-reiki-em-animais","has-post-title","has-post-date","has-post-category","has-post-tag","has-post-comment","has-post-author",""],"_links":{"self":[{"href":"https:\/\/centrodeconscienciaanimal.com.br\/blog\/wp-json\/wp\/v2\/posts\/1871","targetHints":{"allow":["GET"]}}],"collection":[{"href":"https:\/\/centrodeconscienciaanimal.com.br\/blog\/wp-json\/wp\/v2\/posts"}],"about":[{"href":"https:\/\/centrodeconscienciaanimal.com.br\/blog\/wp-json\/wp\/v2\/types\/post"}],"author":[{"embeddable":true,"href":"https:\/\/centrodeconscienciaanimal.com.br\/blog\/wp-json\/wp\/v2\/users\/4"}],"replies":[{"embeddable":true,"href":"https:\/\/centrodeconscienciaanimal.com.br\/blog\/wp-json\/wp\/v2\/comments?post=1871"}],"version-history":[{"count":0,"href":"https:\/\/centrodeconscienciaanimal.com.br\/blog\/wp-json\/wp\/v2\/posts\/1871\/revisions"}],"wp:featuredmedia":[{"embeddable":true,"href":"https:\/\/centrodeconscienciaanimal.com.br\/blog\/wp-json\/wp\/v2\/media\/4664"}],"wp:attachment":[{"href":"https:\/\/centrodeconscienciaanimal.com.br\/blog\/wp-json\/wp\/v2\/media?parent=1871"}],"wp:term":[{"taxonomy":"category","embeddable":true,"href":"https:\/\/centrodeconscienciaanimal.com.br\/blog\/wp-json\/wp\/v2\/categories?post=1871"},{"taxonomy":"post_tag","embeddable":true,"href":"https:\/\/centrodeconscienciaanimal.com.br\/blog\/wp-json\/wp\/v2\/tags?post=1871"}],"curies":[{"name":"wp","href":"https:\/\/api.w.org\/{rel}","templated":true}]}}