{"id":3206,"date":"2021-05-13T11:48:36","date_gmt":"2021-05-13T14:48:36","guid":{"rendered":"https:\/\/backup.centrodeconscienciaanimal.com.br\/?p=3206"},"modified":"2022-03-17T00:11:57","modified_gmt":"2022-03-17T03:11:57","slug":"o-que-e-animal-nao-humano-e-por-que-usamos-esse-termo","status":"publish","type":"post","link":"https:\/\/centrodeconscienciaanimal.com.br\/blog\/o-que-e-animal-nao-humano-e-por-que-usamos-esse-termo\/","title":{"rendered":"O que \u00e9 animal n\u00e3o-humano (e por que usamos esse termo?)"},"content":{"rendered":"<div class=\"post-video\"><iframe title=\"O QUE \u00c9 ANIMAL N\u00c3O-HUMANO (E POR QUE USAMOS ESSE TERMO?)\" width=\"1165\" height=\"655\" src=\"https:\/\/www.youtube.com\/embed\/oKNECdEwvSo?feature=oembed\" frameborder=\"0\" allow=\"accelerometer; autoplay; clipboard-write; encrypted-media; gyroscope; picture-in-picture; web-share\" allowfullscreen><\/iframe><\/div>\n<p>Oi, eu sou o Ricardo Gar\u00e9. Voc\u00ea j\u00e1 ouviu a express\u00e3o animal n\u00e3o-humano? Sabe o que isso significa, e por que falamos assim? Eu uso muito esse termo, ent\u00e3o resolvi explicar o porqu\u00ea. Ah, o v\u00eddeo de hoje conta com uma participa\u00e7\u00e3o muito especial, o Encantado, animal n\u00e3o-humano da minha fam\u00edlia!<\/p>\n<p>Por muitas vezes, n\u00f3s humanos esquecemos que tamb\u00e9m somos animais aqui no planeta Terra. E o que acontece quando a gente esquece de onde viemos e de onde pertencemos? N\u00f3s perdemos muita for\u00e7a, pois nos exclu\u00edmos do meio que nos nutri.<\/p>\n<p>Quando nos colocamos em posi\u00e7\u00e3o superior aos animais n\u00e3o-humanos, nos tornamos meros observadores da natureza e, de forma egoc\u00eantrica, achamos que temos o direito de usar os animais da forma que quisermos. Essa atitude causa um desequil\u00edbrio muito grande na natureza.<\/p>\n<p>Pense bem: se voc\u00ea enxergar a si mesmo como tamb\u00e9m sendo express\u00e3o da natureza, voc\u00ea vai degradar um ambiente que faz parte de voc\u00ea? Claro que n\u00e3o! Mas quando separamos humanos e animais n\u00e3o-humanos, mesmo sem querer, estamos fazendo isso.<\/p>\n<p>Acredito que fazer uso desse termo \u2014 animal humano e animal n\u00e3o-humano \u2014 \u00e9 o caminho para termos uma rela\u00e7\u00e3o mais harm\u00f4nica e simbi\u00f3tica com o meio em que vivemos.<br \/>\n\u2013<\/p>\n<p>\ud83d\udcda Conhe\u00e7a nossos cursos e torne-se voc\u00ea tamb\u00e9m um comunicador animal! https:\/\/backup.centrodeconscienciaanimal.com.br\/agenda<\/p>\n<p>\u27a1\ufe0f Siga-nos nas redes sociais:<br \/>\n<a href=\"http:\/\/instagram.com\/centro.de.consciencia.animal\" target=\"_blank\" rel=\"noopener\">http:\/\/instagram.com\/centro.de.consciencia.animal<\/a><br \/>\n<a href=\"http:\/\/facebook.com\/centrodeconscienciaanimal\" target=\"_blank\" rel=\"noopener\">http:\/\/facebook.com\/centrodeconscienciaanimal<\/a><\/p>\n<p>\ud83c\udfa7 Escute o podcast do Ricardo Gar\u00e9:<br \/>\n<a href=\"http:\/\/open.spotify.com\/show\/6NHyglmHN5rgLrI783EGgf\" target=\"_blank\" rel=\"noopener\">http:\/\/open.spotify.com\/show\/6NHyglmHN5rgLrI783EGgf<\/a><\/p>\n<!--themify_builder_content-->\n<div id=\"themify_builder_content-3206\" data-postid=\"3206\" class=\"themify_builder_content themify_builder_content-3206 themify_builder tf_clear\">\n    <\/div>\n<!--\/themify_builder_content-->\n","protected":false},"excerpt":{"rendered":"<p>Oi, eu sou o Ricardo Gar\u00e9. Voc\u00ea j\u00e1 ouviu a express\u00e3o animal n\u00e3o-humano? Sabe o que isso significa, e por que falamos assim? Eu uso muito esse termo, ent\u00e3o resolvi explicar o porqu\u00ea. Ah, o v\u00eddeo de hoje conta com uma participa\u00e7\u00e3o muito especial, o Encantado, animal n\u00e3o-humano da minha fam\u00edlia! Por muitas vezes, n\u00f3s [&hellip;]<\/p>\n","protected":false},"author":4,"featured_media":4663,"comment_status":"open","ping_status":"open","sticky":false,"template":"","format":"standard","meta":{"_joinchat":[],"footnotes":""},"categories":[109],"tags":[8,17,48,16,5,6,23],"class_list":["post-3206","post","type-post","status-publish","format-standard","has-post-thumbnail","hentry","category-geral","tag-centro-de-consciencia-animal","tag-curso-de-reiki","tag-limpeza-energetica","tag-reiki","tag-reiki-veterinario","tag-ricardo-gare","tag-tecnica-de-reiki","has-post-title","has-post-date","has-post-category","has-post-tag","has-post-comment","has-post-author",""],"_links":{"self":[{"href":"https:\/\/centrodeconscienciaanimal.com.br\/blog\/wp-json\/wp\/v2\/posts\/3206","targetHints":{"allow":["GET"]}}],"collection":[{"href":"https:\/\/centrodeconscienciaanimal.com.br\/blog\/wp-json\/wp\/v2\/posts"}],"about":[{"href":"https:\/\/centrodeconscienciaanimal.com.br\/blog\/wp-json\/wp\/v2\/types\/post"}],"author":[{"embeddable":true,"href":"https:\/\/centrodeconscienciaanimal.com.br\/blog\/wp-json\/wp\/v2\/users\/4"}],"replies":[{"embeddable":true,"href":"https:\/\/centrodeconscienciaanimal.com.br\/blog\/wp-json\/wp\/v2\/comments?post=3206"}],"version-history":[{"count":0,"href":"https:\/\/centrodeconscienciaanimal.com.br\/blog\/wp-json\/wp\/v2\/posts\/3206\/revisions"}],"wp:featuredmedia":[{"embeddable":true,"href":"https:\/\/centrodeconscienciaanimal.com.br\/blog\/wp-json\/wp\/v2\/media\/4663"}],"wp:attachment":[{"href":"https:\/\/centrodeconscienciaanimal.com.br\/blog\/wp-json\/wp\/v2\/media?parent=3206"}],"wp:term":[{"taxonomy":"category","embeddable":true,"href":"https:\/\/centrodeconscienciaanimal.com.br\/blog\/wp-json\/wp\/v2\/categories?post=3206"},{"taxonomy":"post_tag","embeddable":true,"href":"https:\/\/centrodeconscienciaanimal.com.br\/blog\/wp-json\/wp\/v2\/tags?post=3206"}],"curies":[{"name":"wp","href":"https:\/\/api.w.org\/{rel}","templated":true}]}}