{"id":3221,"date":"2021-05-15T11:08:48","date_gmt":"2021-05-15T14:08:48","guid":{"rendered":"https:\/\/backup.centrodeconscienciaanimal.com.br\/?p=3221"},"modified":"2022-03-17T00:10:31","modified_gmt":"2022-03-17T03:10:31","slug":"video-quando-nao-pode-aplicar-reiki","status":"publish","type":"post","link":"https:\/\/centrodeconscienciaanimal.com.br\/blog\/video-quando-nao-pode-aplicar-reiki\/","title":{"rendered":"V\u00eddeo: quando n\u00e3o pode aplicar Reiki"},"content":{"rendered":"<div class=\"post-video\"><iframe title=\"SAIBA EM QUAL SITUA\u00c7\u00c3O N\u00c3O PODE APLICAR REIKI\" width=\"1165\" height=\"655\" src=\"https:\/\/www.youtube.com\/embed\/iDfu24lrK-A?feature=oembed\" frameborder=\"0\" allow=\"accelerometer; autoplay; clipboard-write; encrypted-media; gyroscope; picture-in-picture; web-share\" allowfullscreen><\/iframe><\/div>\n<p>Oi, eu sou o Ricardo Gar\u00e9. Hoje eu falo em qual situa\u00e7\u00e3o \u00e9 contraindicado aplicar reiki, d\u00favida muito comum nos cursos.<\/p>\n<p>00:00 &#8211; Abertura<br \/>\n01:44 &#8211; Quando pode aplicar reiki<br \/>\n03:56 &#8211; Quando n\u00e3o pode aplicar reiki<br \/>\n\u2013<\/p>\n<p>\ud83d\udcda Conhe\u00e7a nossos cursos e torne-se voc\u00ea tamb\u00e9m um comunicador animal: <a href=\"https:\/\/backup.centrodeconscienciaanimal.com.br\/agenda\" target=\"_blank\" rel=\"noopener\">Agenda de cursos<\/a><\/p>\n<p>\u27a1\ufe0f Siga-nos nas redes sociais:<br \/>\n<a href=\"http:\/\/instagram.com\/centro.de.consciencia.anima\" target=\"_blank\" rel=\"noopener\">http:\/\/instagram.com\/centro.de.consciencia.anima<\/a>l<br \/>\n<a href=\"http:\/\/facebook.com\/centrodeconscienciaanimal\" target=\"_blank\" rel=\"noopener\">http:\/\/facebook.com\/centrodeconscienciaanimal<\/a><\/p>\n<p>\ud83c\udfa7 Escute o podcast do Ricardo Gar\u00e9:<br \/>\n<a href=\"http:\/\/open.spotify.com\/show\/6NHyglmHN5rgLrI783EGgf\" target=\"_blank\" rel=\"noopener\">http:\/\/open.spotify.com\/show\/6NHyglmHN5rgLrI783EGgf<\/a><\/p>\n<!--themify_builder_content-->\n<div id=\"themify_builder_content-3221\" data-postid=\"3221\" class=\"themify_builder_content themify_builder_content-3221 themify_builder tf_clear\">\n    <\/div>\n<!--\/themify_builder_content-->\n","protected":false},"excerpt":{"rendered":"<p>Oi, eu sou o Ricardo Gar\u00e9. Hoje eu falo em qual situa\u00e7\u00e3o \u00e9 contraindicado aplicar reiki, d\u00favida muito comum nos cursos. 00:00 &#8211; Abertura 01:44 &#8211; Quando pode aplicar reiki 03:56 &#8211; Quando n\u00e3o pode aplicar reiki \u2013 \ud83d\udcda Conhe\u00e7a nossos cursos e torne-se voc\u00ea tamb\u00e9m um comunicador animal: Agenda de cursos \u27a1\ufe0f Siga-nos nas [&hellip;]<\/p>\n","protected":false},"author":4,"featured_media":4661,"comment_status":"open","ping_status":"open","sticky":false,"template":"","format":"standard","meta":{"_joinchat":[],"footnotes":""},"categories":[109],"tags":[55,8,56,53,28,54,16,4,6],"class_list":["post-3221","post","type-post","status-publish","format-standard","has-post-thumbnail","hentry","category-geral","tag-autoconhecimento-e-reiki","tag-centro-de-consciencia-animal","tag-cursos-de-reiki","tag-efeitos-do-reiki","tag-espiritualidade-animal","tag-indicacao-reiki","tag-reiki","tag-reiki-em-animais","tag-ricardo-gare","has-post-title","has-post-date","has-post-category","has-post-tag","has-post-comment","has-post-author",""],"_links":{"self":[{"href":"https:\/\/centrodeconscienciaanimal.com.br\/blog\/wp-json\/wp\/v2\/posts\/3221","targetHints":{"allow":["GET"]}}],"collection":[{"href":"https:\/\/centrodeconscienciaanimal.com.br\/blog\/wp-json\/wp\/v2\/posts"}],"about":[{"href":"https:\/\/centrodeconscienciaanimal.com.br\/blog\/wp-json\/wp\/v2\/types\/post"}],"author":[{"embeddable":true,"href":"https:\/\/centrodeconscienciaanimal.com.br\/blog\/wp-json\/wp\/v2\/users\/4"}],"replies":[{"embeddable":true,"href":"https:\/\/centrodeconscienciaanimal.com.br\/blog\/wp-json\/wp\/v2\/comments?post=3221"}],"version-history":[{"count":0,"href":"https:\/\/centrodeconscienciaanimal.com.br\/blog\/wp-json\/wp\/v2\/posts\/3221\/revisions"}],"wp:featuredmedia":[{"embeddable":true,"href":"https:\/\/centrodeconscienciaanimal.com.br\/blog\/wp-json\/wp\/v2\/media\/4661"}],"wp:attachment":[{"href":"https:\/\/centrodeconscienciaanimal.com.br\/blog\/wp-json\/wp\/v2\/media?parent=3221"}],"wp:term":[{"taxonomy":"category","embeddable":true,"href":"https:\/\/centrodeconscienciaanimal.com.br\/blog\/wp-json\/wp\/v2\/categories?post=3221"},{"taxonomy":"post_tag","embeddable":true,"href":"https:\/\/centrodeconscienciaanimal.com.br\/blog\/wp-json\/wp\/v2\/tags?post=3221"}],"curies":[{"name":"wp","href":"https:\/\/api.w.org\/{rel}","templated":true}]}}