{"id":3304,"date":"2021-06-10T10:02:04","date_gmt":"2021-06-10T13:02:04","guid":{"rendered":"https:\/\/backup.centrodeconscienciaanimal.com.br\/?p=3304"},"modified":"2022-03-17T00:03:31","modified_gmt":"2022-03-17T03:03:31","slug":"constelacao-sistemica-na-agua","status":"publish","type":"post","link":"https:\/\/centrodeconscienciaanimal.com.br\/blog\/constelacao-sistemica-na-agua\/","title":{"rendered":"Constela\u00e7\u00e3o Sist\u00eamica na \u00e1gua"},"content":{"rendered":"<p>A constela\u00e7\u00e3o na \u00e1gua \u00e9 um caminho terap\u00eautico em que as constela\u00e7\u00f5es sist\u00eamicas acontecem no campo da \u00e1gua. O campo morfogen\u00e9tico acessado no momento da constela\u00e7\u00e3o se manifesta na \u00e1gua e os bonecos realizam os movimentos sem a necessidade da movimenta\u00e7\u00e3o deles por parte do facilitador das constela\u00e7\u00f5es.<br \/>\nEssa movimenta\u00e7\u00e3o se d\u00e1 conforme as informa\u00e7\u00f5es do campo do constelado (tutor) e do campo do animal n\u00e3o humano v\u00e3o sendo acessadas, e ent\u00e3o o facilitador e o tutor observam e sentem o que est\u00e1 sendo revelado, trazendo dessa forma, luz \u00e0s din\u00e2micas ocultas do sistema familiar multiesp\u00e9cie.<\/p>\n<p>A constela\u00e7\u00e3o por s\u00ed s\u00f3 j\u00e1 gera movimento no sistema frente ao que foi visto a partir do tema trazido pelo tutor, e esse movimento atua tanto nos que fazem parte do sistema atual como nos antepassados e nos que vir\u00e3o a fazer parte dele. Tudo o que foi visto e sentido pelo tutor tamb\u00e9m contribui para a movimenta\u00e7\u00e3o no sistema, de modo que quando as din\u00e2micas ocultas s\u00e3o reveladas, o tutor toma consci\u00eancia e a\u00ed ent\u00e3o pode escolher fazer diferente.<\/p>\n<p>J\u00e1 pensou como seria olhar mais profundamente para a din\u00e2mica das rela\u00e7\u00f5es entre voc\u00ea e seu companheiro animal n\u00e3o humano?<\/p>\n<p>As indica\u00e7\u00f5es para as constela\u00e7\u00f5es s\u00e3o diversas, dentre elas:<\/p>\n<ul>\n<li>Animais que apresentam desequil\u00edbrio de ordem f\u00edsica, mental, emocional, comportamental.<\/li>\n<li>Que adoecem com um padr\u00e3o de espelhamento com algum membro da fam\u00edlia multiesp\u00e9cie (ex: humano com doen\u00e7as Dermatol\u00f3gicas e animal n\u00e3o humano tamb\u00e9m)<\/li>\n<li>Animais n\u00e3o humanos desaparecidos<\/li>\n<li>Em fase terminal<\/li>\n<li>Aqueles que t\u00eam indica\u00e7\u00e3o de ortotan\u00e1sia\/cuidados paliativos\/eutan\u00e1sia\/distan\u00e1sia<\/li>\n<li>Casos dram\u00e1ticos de perda de um animal<\/li>\n<li>Processo de luto frente \u00e0 morte de um animal.<\/li>\n<\/ul>\n<p>A consci\u00eancia sobre as rela\u00e7\u00f5es multiesp\u00e9cie contribui para a harmonia e leveza do sistema.<\/p>\n<p>Sentiu o chamado de olhar mais profundamente para que o que seu companheiro n\u00e3o humano est\u00e1 querendo te mostrar?<\/p>\n<p>Envie um email para:\u00a0contato@backup.centrodeconscienciaanimal.com.br<\/p>\n<p>Com amor,<br \/>\nIsis de Oliveira &#8211; equipe Centro de Consci\u00eancia Animal e Reiki Veterin\u00e1rio<br \/>\nM\u00e9dica Veterin\u00e1ria Integrativa<br \/>\nCRMV-SP 48404<\/p>\n<!--themify_builder_content-->\n<div id=\"themify_builder_content-3304\" data-postid=\"3304\" class=\"themify_builder_content themify_builder_content-3304 themify_builder tf_clear\">\n    <\/div>\n<!--\/themify_builder_content-->\n","protected":false},"excerpt":{"rendered":"<p>A constela\u00e7\u00e3o na \u00e1gua \u00e9 um caminho terap\u00eautico em que as constela\u00e7\u00f5es sist\u00eamicas acontecem no campo da \u00e1gua. O campo morfogen\u00e9tico acessado no momento da constela\u00e7\u00e3o se manifesta na \u00e1gua e os bonecos realizam os movimentos sem a necessidade da movimenta\u00e7\u00e3o deles por parte do facilitador das constela\u00e7\u00f5es. Essa movimenta\u00e7\u00e3o se d\u00e1 conforme as informa\u00e7\u00f5es [&hellip;]<\/p>\n","protected":false},"author":4,"featured_media":4648,"comment_status":"open","ping_status":"open","sticky":false,"template":"","format":"standard","meta":{"_joinchat":[],"footnotes":""},"categories":[109],"tags":[8,75,77,76,5],"class_list":["post-3304","post","type-post","status-publish","format-standard","has-post-thumbnail","hentry","category-geral","tag-centro-de-consciencia-animal","tag-constelacao-familiar-veterinaria","tag-constelacao-na-agua","tag-constelacao-veterinaria-sistemica","tag-reiki-veterinario","has-post-title","has-post-date","has-post-category","has-post-tag","has-post-comment","has-post-author",""],"_links":{"self":[{"href":"https:\/\/centrodeconscienciaanimal.com.br\/blog\/wp-json\/wp\/v2\/posts\/3304","targetHints":{"allow":["GET"]}}],"collection":[{"href":"https:\/\/centrodeconscienciaanimal.com.br\/blog\/wp-json\/wp\/v2\/posts"}],"about":[{"href":"https:\/\/centrodeconscienciaanimal.com.br\/blog\/wp-json\/wp\/v2\/types\/post"}],"author":[{"embeddable":true,"href":"https:\/\/centrodeconscienciaanimal.com.br\/blog\/wp-json\/wp\/v2\/users\/4"}],"replies":[{"embeddable":true,"href":"https:\/\/centrodeconscienciaanimal.com.br\/blog\/wp-json\/wp\/v2\/comments?post=3304"}],"version-history":[{"count":0,"href":"https:\/\/centrodeconscienciaanimal.com.br\/blog\/wp-json\/wp\/v2\/posts\/3304\/revisions"}],"wp:featuredmedia":[{"embeddable":true,"href":"https:\/\/centrodeconscienciaanimal.com.br\/blog\/wp-json\/wp\/v2\/media\/4648"}],"wp:attachment":[{"href":"https:\/\/centrodeconscienciaanimal.com.br\/blog\/wp-json\/wp\/v2\/media?parent=3304"}],"wp:term":[{"taxonomy":"category","embeddable":true,"href":"https:\/\/centrodeconscienciaanimal.com.br\/blog\/wp-json\/wp\/v2\/categories?post=3304"},{"taxonomy":"post_tag","embeddable":true,"href":"https:\/\/centrodeconscienciaanimal.com.br\/blog\/wp-json\/wp\/v2\/tags?post=3304"}],"curies":[{"name":"wp","href":"https:\/\/api.w.org\/{rel}","templated":true}]}}